{"id":512,"date":"2025-11-10T14:08:02","date_gmt":"2025-11-10T17:08:02","guid":{"rendered":"https:\/\/mrnordesteseguros.com.br\/?p=512"},"modified":"2025-11-10T14:16:48","modified_gmt":"2025-11-10T17:16:48","slug":"premio-csp-bahia-consagra-destaques-do-mercado-e-celebra-forca-da-cultura-do-seguro","status":"publish","type":"post","link":"https:\/\/mrnordesteseguros.com.br\/?p=512","title":{"rendered":"Pr\u00eamio CSP Bahia consagra destaques do mercado e celebra for\u00e7a da cultura do seguro"},"content":{"rendered":"\t\t<div data-elementor-type=\"wp-post\" data-elementor-id=\"512\" class=\"elementor elementor-512\" data-elementor-settings=\"{&quot;ha_cmc_init_switcher&quot;:&quot;no&quot;}\" data-elementor-post-type=\"post\">\n\t\t\t\t<div class=\"elementor-element elementor-element-4196415 e-flex e-con-boxed e-con e-parent\" data-id=\"4196415\" data-element_type=\"container\" data-settings=\"{&quot;_ha_eqh_enable&quot;:false}\">\n\t\t\t\t\t<div class=\"e-con-inner\">\n\t\t\t\t<div class=\"elementor-element elementor-element-05152c7 elementor-widget elementor-widget-image\" data-id=\"05152c7\" data-element_type=\"widget\" data-widget_type=\"image.default\">\n\t\t\t\t\t\t\t\t\t\t\t\t\t\t\t<img fetchpriority=\"high\" decoding=\"async\" width=\"800\" height=\"534\" src=\"https:\/\/mrnordesteseguros.com.br\/wp-content\/uploads\/2025\/11\/IMG_1119-1024x683.jpg\" class=\"attachment-large size-large wp-image-514\" alt=\"\" srcset=\"https:\/\/mrnordesteseguros.com.br\/wp-content\/uploads\/2025\/11\/IMG_1119-1024x683.jpg 1024w, https:\/\/mrnordesteseguros.com.br\/wp-content\/uploads\/2025\/11\/IMG_1119-300x200.jpg 300w, https:\/\/mrnordesteseguros.com.br\/wp-content\/uploads\/2025\/11\/IMG_1119-768x512.jpg 768w, https:\/\/mrnordesteseguros.com.br\/wp-content\/uploads\/2025\/11\/IMG_1119-1536x1024.jpg 1536w, https:\/\/mrnordesteseguros.com.br\/wp-content\/uploads\/2025\/11\/IMG_1119-2048x1365.jpg 2048w\" sizes=\"(max-width: 800px) 100vw, 800px\" \/>\t\t\t\t\t\t\t\t\t\t\t\t\t\t\t<\/div>\n\t\t\t\t\t<\/div>\n\t\t\t\t<\/div>\n\t\t<div class=\"elementor-element elementor-element-dda7633 e-flex e-con-boxed e-con e-parent\" data-id=\"dda7633\" data-element_type=\"container\" data-settings=\"{&quot;_ha_eqh_enable&quot;:false}\">\n\t\t\t\t\t<div class=\"e-con-inner\">\n\t\t\t\t<div class=\"elementor-element elementor-element-cbd2f36 elementor-widget elementor-widget-text-editor\" data-id=\"cbd2f36\" data-element_type=\"widget\" data-widget_type=\"text-editor.default\">\n\t\t\t\t\t\t\t\t\t<p>A terceira edi\u00e7\u00e3o do Pr\u00eamio CSP Bahia consagrou, na noite de 17 de outubro, os profissionais que se destacaram nos ramos de seguros de pessoas, previd\u00eancia, capitaliza\u00e7\u00e3o, sa\u00fade suplementar e planos odontol\u00f3gicos. Realizado no Teatro da Cidade, em Salvador, o evento, promovido pelo Clube de Seguros de Pessoas e Benef\u00edcios da Bahia, reuniu lideran\u00e7as e entidades do setor, consolidando-se como uma das maiores celebra\u00e7\u00f5es do mercado de seguros na Bahia.<\/p><p>A cerim\u00f4nia foi aberta pelo diretor de Comunica\u00e7\u00e3o do CSP Bahia, Paulo Telles, que deu as boas-vindas ao p\u00fablico e agradeceu aos patrocinadores e \u00e0s benem\u00e9ritas da entidade. A condu\u00e7\u00e3o do evento ficou a cargo da jornalista e apresentadora Thaic Carvalho. O vice-presidente da Alba Seguradora, Solon Barretto, falou em nome da companhia, patrocinadora Diamante da institui\u00e7\u00e3o.<\/p><p>Em seguida, o presidente do CSP Bahia, Antonio Daniel Mota, fez um discurso marcado pela emo\u00e7\u00e3o e pelo reconhecimento ao trabalho coletivo que tem sustentado o crescimento da entidade. Diante do teatro lotado, ele ressaltou que \u201ccasa cheia \u00e9 um pr\u00eamio para todos n\u00f3s, um reflexo de que estamos no caminho certo\u201d. Segundo o dirigente, o evento vai muito al\u00e9m da cerim\u00f4nia em si. \u201cO Pr\u00eamio CSP Bahia \u00e9 um movimento de valoriza\u00e7\u00e3o e orgulho por um mercado que protege vidas e transforma realidades. Cada indicado, cada homenageado, \u00e9 parte dessa hist\u00f3ria que constru\u00edmos juntos\u201d, afirmou.<\/p><p>\u00a0<\/p>\t\t\t\t\t\t\t\t<\/div>\n\t\t\t\t\t<\/div>\n\t\t\t\t<\/div>\n\t\t<div class=\"elementor-element elementor-element-fd3d192 e-flex e-con-boxed e-con e-parent\" data-id=\"fd3d192\" data-element_type=\"container\" data-settings=\"{&quot;_ha_eqh_enable&quot;:false}\">\n\t\t\t\t\t<div class=\"e-con-inner\">\n\t\t\t\t<div class=\"elementor-element elementor-element-4547b23 elementor-widget elementor-widget-image\" data-id=\"4547b23\" data-element_type=\"widget\" data-widget_type=\"image.default\">\n\t\t\t\t\t\t\t\t\t\t\t\t\t\t\t<img decoding=\"async\" width=\"800\" height=\"534\" src=\"https:\/\/mrnordesteseguros.com.br\/wp-content\/uploads\/2025\/11\/IMG_0523-1024x683.jpg\" class=\"attachment-large size-large wp-image-515\" alt=\"\" srcset=\"https:\/\/mrnordesteseguros.com.br\/wp-content\/uploads\/2025\/11\/IMG_0523-1024x683.jpg 1024w, https:\/\/mrnordesteseguros.com.br\/wp-content\/uploads\/2025\/11\/IMG_0523-300x200.jpg 300w, https:\/\/mrnordesteseguros.com.br\/wp-content\/uploads\/2025\/11\/IMG_0523-768x512.jpg 768w, https:\/\/mrnordesteseguros.com.br\/wp-content\/uploads\/2025\/11\/IMG_0523-1536x1024.jpg 1536w, https:\/\/mrnordesteseguros.com.br\/wp-content\/uploads\/2025\/11\/IMG_0523-2048x1365.jpg 2048w\" sizes=\"(max-width: 800px) 100vw, 800px\" \/>\t\t\t\t\t\t\t\t\t\t\t\t\t\t\t<\/div>\n\t\t\t\t\t<\/div>\n\t\t\t\t<\/div>\n\t\t<div class=\"elementor-element elementor-element-d47b74e e-flex e-con-boxed e-con e-parent\" data-id=\"d47b74e\" data-element_type=\"container\" data-settings=\"{&quot;_ha_eqh_enable&quot;:false}\">\n\t\t\t\t\t<div class=\"e-con-inner\">\n\t\t\t\t<div class=\"elementor-element elementor-element-53425f4 elementor-widget elementor-widget-text-editor\" data-id=\"53425f4\" data-element_type=\"widget\" data-widget_type=\"text-editor.default\">\n\t\t\t\t\t\t\t\t\t<p>Mota destacou ainda o compromisso da entidade com a transpar\u00eancia e a credibilidade do processo de vota\u00e7\u00e3o. \u201cO CSP Bahia zela pela seriedade da premia\u00e7\u00e3o. O regulamento \u00e9 amplamente divulgado, e cada associado vota uma \u00fanica vez, garantindo que o resultado expresse o reconhecimento genu\u00edno dos nossos membros. Esse \u00e9 o esp\u00edrito que move a entidade \u2014 \u00e9tica, m\u00e9rito e comprometimento com o desenvolvimento do mercado\u201d, completou.<\/p>\n<p>A programa\u00e7\u00e3o seguiu com a fala do chefe da Assessoria de Comunica\u00e7\u00e3o da Superintend\u00eancia de Seguros Privados (Susep), Fl\u00e1vio Vasconcelos Andrade, que abordou a import\u00e2ncia da aproxima\u00e7\u00e3o da autarquia com os agentes fomentadores do setor, como o CSP Bahia.<\/p>\n<p>Na sequ\u00eancia, o corretor de seguros e fundador do Movimento Minha Vida Protegida, Rog\u00e9rio Ara\u00fajo, ministrou palestra inspiradora sobre prote\u00e7\u00e3o financeira e o papel dos corretores na dissemina\u00e7\u00e3o da cultura do seguro no Brasil, recebendo aplausos do p\u00fablico.<\/p>\n<p>Ap\u00f3s a apresenta\u00e7\u00e3o, foi iniciada a cerim\u00f4nia de premia\u00e7\u00e3o, que reconheceu os profissionais mais votados pelos associados: Daiane Marques (Seguro de Vida), Lis Barreto (Previd\u00eancia), Fernanda Magalh\u00e3es (Capitaliza\u00e7\u00e3o), Paulo Rangel (Sa\u00fade Suplementar), Jamile Vieira (Odonto), Gisele Oliveira (Corretora Vida\/Previd\u00eancia) e Cristiane Guedes (Corretora Sa\u00fade\/Odonto).<\/p>\n<p>Durante o evento, o CSP Bahia concedeu o t\u00edtulo vital\u00edcio de \u201c<b>Associado Honor\u00e1rio\u201d \u00e0 diretora Administrativa da institui\u00e7\u00e3o<\/b>, <b>Michelly Rosica<\/b>, reconhecida pelo comprometimento e dedica\u00e7\u00e3o, e ao primeiro presidente do Clube, Iuri Vieira, representado por sua esposa Gidalva Vieira, que recebeu a homenagem em nome do marido.<\/p>\n<p>O presidente Antonio Daniel Mota tamb\u00e9m entregou placas de homenagens ao Clube de Seguros de Pessoas de Minas Gerais (CSP-MG), pelos 15 anos de atua\u00e7\u00e3o pelo fortalecimento do mercado de seguros de pessoas, e ao Sindicato dos Corretores de Seguros da Bahia (Sincor-BA), pelos 80 anos de funda\u00e7\u00e3o e contribui\u00e7\u00e3o \u00e0 categoria. O encerramento foi marcado pela apresenta\u00e7\u00e3o da banda Batifun, que animou o p\u00fablico em clima de confraterniza\u00e7\u00e3o, celebrando mais uma edi\u00e7\u00e3o hist\u00f3rica do pr\u00eamio.<\/p>\t\t\t\t\t\t\t\t<\/div>\n\t\t\t\t\t<\/div>\n\t\t\t\t<\/div>\n\t\t<div class=\"elementor-element elementor-element-fc528cb e-flex e-con-boxed e-con e-parent\" data-id=\"fc528cb\" data-element_type=\"container\" data-settings=\"{&quot;_ha_eqh_enable&quot;:false}\">\n\t\t\t\t\t<div class=\"e-con-inner\">\n\t\t\t\t<div class=\"elementor-element elementor-element-ccbd2f8 elementor-widget elementor-widget-image\" data-id=\"ccbd2f8\" data-element_type=\"widget\" data-widget_type=\"image.default\">\n\t\t\t\t\t\t\t\t\t\t\t\t\t\t\t<img decoding=\"async\" width=\"800\" height=\"533\" src=\"https:\/\/mrnordesteseguros.com.br\/wp-content\/uploads\/2025\/11\/IMG_0662-scaled.jpg\" class=\"attachment-large size-large wp-image-516\" alt=\"\" \/>\t\t\t\t\t\t\t\t\t\t\t\t\t\t\t<\/div>\n\t\t\t\t\t<\/div>\n\t\t\t\t<\/div>\n\t\t<div class=\"elementor-element elementor-element-c3b4f62 e-flex e-con-boxed e-con e-parent\" data-id=\"c3b4f62\" data-element_type=\"container\" data-settings=\"{&quot;_ha_eqh_enable&quot;:false}\">\n\t\t\t\t\t<div class=\"e-con-inner\">\n\t\t\t\t<div class=\"elementor-element elementor-element-1d1a893 elementor-widget elementor-widget-text-editor\" data-id=\"1d1a893\" data-element_type=\"widget\" data-widget_type=\"text-editor.default\">\n\t\t\t\t\t\t\t\t\t<p>Entre as autoridades e lideran\u00e7as presentes, estiveram o presidente do SindSeg BA\/SE\/TO, Paulo C\u00e9sar Martins; o presidente do Sincor-BA, Josimar Antunes; a diretora da Aconseg NNE, Valqu\u00edria Ferreira; o presidente e o diretor da Ascorseg-SE, Carlos Dosea e Max Dosea; a presidente do Clube do Seguro de Feira de Santana, Thaynara Guimar\u00e3es; o presidente do CSP-MG, Jo\u00e3o Paulo Moreira de Mello; e o chefe da Assessoria de Comunica\u00e7\u00e3o da Susep, Fl\u00e1vio Vasconcelos Andrade. \u201cO CSP Bahia consolidou-se como uma entidade que valoriza pessoas e impulsiona o mercado. Nosso prop\u00f3sito \u00e9 fortalecer o setor e unir profissionais em torno de um ideal comum: difundir a cultura do seguro e reconhecer quem faz a diferen\u00e7a. \u00c9 isso que nos inspira e seguir\u00e1 guiando cada passo da nossa trajet\u00f3ria\u201d, concluiu o presidente Antonio Daniel Mota.<\/p><p><strong>Fonte:\u00a0D\u00e9bora Gurgel, assessora de imprensa \/ (DG Comunica\u00e7\u00e3o)<\/strong><\/p>\t\t\t\t\t\t\t\t<\/div>\n\t\t\t\t\t<\/div>\n\t\t\t\t<\/div>\n\t\t\t\t<\/div>\n\t\t","protected":false},"excerpt":{"rendered":"<p>A terceira edi\u00e7\u00e3o do Pr\u00eamio CSP Bahia consagrou, na noite de 17 de outubro, os profissionais que se destacaram nos ramos de seguros de pessoas, previd\u00eancia, capitaliza\u00e7\u00e3o, sa\u00fade suplementar e planos odontol\u00f3gicos. Realizado no Teatro da Cidade, em Salvador, o evento, promovido pelo Clube de Seguros de Pessoas e Benef\u00edcios da Bahia, reuniu lideran\u00e7as e [&hellip;]<\/p>\n","protected":false},"author":2,"featured_media":0,"comment_status":"open","ping_status":"open","sticky":false,"template":"","format":"standard","meta":{"footnotes":""},"categories":[1],"tags":[],"class_list":["post-512","post","type-post","status-publish","format-standard","hentry","category-sem-categoria"],"_links":{"self":[{"href":"https:\/\/mrnordesteseguros.com.br\/index.php?rest_route=\/wp\/v2\/posts\/512","targetHints":{"allow":["GET"]}}],"collection":[{"href":"https:\/\/mrnordesteseguros.com.br\/index.php?rest_route=\/wp\/v2\/posts"}],"about":[{"href":"https:\/\/mrnordesteseguros.com.br\/index.php?rest_route=\/wp\/v2\/types\/post"}],"author":[{"embeddable":true,"href":"https:\/\/mrnordesteseguros.com.br\/index.php?rest_route=\/wp\/v2\/users\/2"}],"replies":[{"embeddable":true,"href":"https:\/\/mrnordesteseguros.com.br\/index.php?rest_route=%2Fwp%2Fv2%2Fcomments&post=512"}],"version-history":[{"count":4,"href":"https:\/\/mrnordesteseguros.com.br\/index.php?rest_route=\/wp\/v2\/posts\/512\/revisions"}],"predecessor-version":[{"id":519,"href":"https:\/\/mrnordesteseguros.com.br\/index.php?rest_route=\/wp\/v2\/posts\/512\/revisions\/519"}],"wp:attachment":[{"href":"https:\/\/mrnordesteseguros.com.br\/index.php?rest_route=%2Fwp%2Fv2%2Fmedia&parent=512"}],"wp:term":[{"taxonomy":"category","embeddable":true,"href":"https:\/\/mrnordesteseguros.com.br\/index.php?rest_route=%2Fwp%2Fv2%2Fcategories&post=512"},{"taxonomy":"post_tag","embeddable":true,"href":"https:\/\/mrnordesteseguros.com.br\/index.php?rest_route=%2Fwp%2Fv2%2Ftags&post=512"}],"curies":[{"name":"wp","href":"https:\/\/api.w.org\/{rel}","templated":true}]}}